{"id":193,"date":"2024-09-02T12:58:42","date_gmt":"2024-09-02T12:58:42","guid":{"rendered":"https:\/\/espoonkalajarvi.fi\/?p=193"},"modified":"2024-09-08T18:08:19","modified_gmt":"2024-09-08T18:08:19","slug":"jarven-syystalkoot-7-8-syyskuuta-2024","status":"publish","type":"post","link":"https:\/\/espoonkalajarvi.fi\/index.php\/2024\/09\/02\/jarven-syystalkoot-7-8-syyskuuta-2024\/","title":{"rendered":"Syystalkoot 7-8 Syyskuuta 2024"},"content":{"rendered":"\n<p>Tervetuloa mukaan Kalaj\u00e4rven kunnostustalkoisiin la 7.9.-su 8.9.2024. Leikkaamme pienell\u00e4 niittokoneella j\u00e4rven kasvillisuutta rantojen l\u00e4heisyydest\u00e4. Ker\u00e4t\u00e4\u00e4n leikkuuj\u00e4te yhdess\u00e4 rannalle ja l\u00e4jitet\u00e4\u00e4n sopivaan paikkaan. Mukaan tarvitaan innokkaita talkoolaisia ja muutama vene haravoimaan leikattuja kasveja sek\u00e4 rannalle v\u00e4ke\u00e4 kottik\u00e4rryjen kanssa kuljettamaan leikkuuj\u00e4tett\u00e4.<\/p>\n\n\n\n<p>Tapaaminen j\u00e4rven pohjoisella, Vihdintien puoleisella rantaraitilla lauantaina 7.9.2024 klo 11. <\/p>\n\n\n\n<p>Sovitaan teht\u00e4v\u00e4njako ja aikataulut. Ker\u00e4\u00e4miselle on hyv\u00e4 varata aikaa my\u00f6s sunnuntailta, koska loput leikkuuj\u00e4tteest\u00e4 ajautuu rantaan y\u00f6n aikana.<\/p>\n\n\n\n<p>Samana ajankohtana on Kalaj\u00e4rvip\u00e4iv\u00e4. Talkoisiin voi osallistua my\u00f6s Kalaj\u00e4rvip\u00e4iv\u00e4n j\u00e4lkeen. \ud83d\ude42<\/p>\n\n\n\n<p>Tehd\u00e4\u00e4n yhdess\u00e4 j\u00e4rvest\u00e4 viihtyis\u00e4mpi.&nbsp;<\/p>\n","protected":false},"excerpt":{"rendered":"<p>Tervetuloa mukaan Kalaj\u00e4rven kunnostustalkoisiin la 7.9.-su 8.9.2024. Leikkaamme pienell\u00e4 niittokoneella j\u00e4rven kasvillisuutta rantojen l\u00e4heisyydest\u00e4. Ker\u00e4t\u00e4\u00e4n leikkuuj\u00e4te yhdess\u00e4 rannalle ja l\u00e4jitet\u00e4\u00e4n sopivaan paikkaan. Mukaan tarvitaan innokkaita talkoolaisia ja muutama vene haravoimaan leikattuja kasveja sek\u00e4 rannalle v\u00e4ke\u00e4 kottik\u00e4rryjen kanssa kuljettamaan leikkuuj\u00e4tett\u00e4. Tapaaminen j\u00e4rven pohjoisella, Vihdintien puoleisella rantaraitilla lauantaina 7.9.2024 klo 11. Sovitaan teht\u00e4v\u00e4njako ja aikataulut. Ker\u00e4\u00e4miselle on [&hellip;]<\/p>\n","protected":false},"author":2,"featured_media":201,"comment_status":"open","ping_status":"open","sticky":false,"template":"","format":"standard","meta":{"footnotes":""},"categories":[21],"tags":[],"class_list":["post-193","post","type-post","status-publish","format-standard","has-post-thumbnail","hentry","category-kalastuskunta"],"_links":{"self":[{"href":"https:\/\/espoonkalajarvi.fi\/index.php\/wp-json\/wp\/v2\/posts\/193","targetHints":{"allow":["GET"]}}],"collection":[{"href":"https:\/\/espoonkalajarvi.fi\/index.php\/wp-json\/wp\/v2\/posts"}],"about":[{"href":"https:\/\/espoonkalajarvi.fi\/index.php\/wp-json\/wp\/v2\/types\/post"}],"author":[{"embeddable":true,"href":"https:\/\/espoonkalajarvi.fi\/index.php\/wp-json\/wp\/v2\/users\/2"}],"replies":[{"embeddable":true,"href":"https:\/\/espoonkalajarvi.fi\/index.php\/wp-json\/wp\/v2\/comments?post=193"}],"version-history":[{"count":2,"href":"https:\/\/espoonkalajarvi.fi\/index.php\/wp-json\/wp\/v2\/posts\/193\/revisions"}],"predecessor-version":[{"id":197,"href":"https:\/\/espoonkalajarvi.fi\/index.php\/wp-json\/wp\/v2\/posts\/193\/revisions\/197"}],"wp:featuredmedia":[{"embeddable":true,"href":"https:\/\/espoonkalajarvi.fi\/index.php\/wp-json\/wp\/v2\/media\/201"}],"wp:attachment":[{"href":"https:\/\/espoonkalajarvi.fi\/index.php\/wp-json\/wp\/v2\/media?parent=193"}],"wp:term":[{"taxonomy":"category","embeddable":true,"href":"https:\/\/espoonkalajarvi.fi\/index.php\/wp-json\/wp\/v2\/categories?post=193"},{"taxonomy":"post_tag","embeddable":true,"href":"https:\/\/espoonkalajarvi.fi\/index.php\/wp-json\/wp\/v2\/tags?post=193"}],"curies":[{"name":"wp","href":"https:\/\/api.w.org\/{rel}","templated":true}]}}