{"id":390,"date":"2025-03-28T09:04:42","date_gmt":"2025-03-28T09:04:42","guid":{"rendered":"https:\/\/espoonkalajarvi.fi\/?p=390"},"modified":"2025-03-28T09:04:42","modified_gmt":"2025-03-28T09:04:42","slug":"vesilinjan-kaivuutyot-alkoivat","status":"publish","type":"post","link":"https:\/\/espoonkalajarvi.fi\/index.php\/2025\/03\/28\/vesilinjan-kaivuutyot-alkoivat\/","title":{"rendered":"Vesilinjan kaivuuty\u00f6t alkoivat"},"content":{"rendered":"\n<p>Kalaj\u00e4rventien vesiosuuskunta ja Caruna aloittavat yhteishankkeen rakentamisty\u00f6t viikolla 13. Rakentamisty\u00f6t alkavat Kalaj\u00e4rventie 17 kohdalta.&nbsp; Hankkeen yhteydess\u00e4 alueelle rakennetaan vesijohto, viem\u00e4ri, s\u00e4hk\u00f6kaapelointi sek\u00e4 valokuituverkko. Urakoitsijana toimii Mc Machine Oy.<\/p>\n\n\n\n<p><strong>Rakennusty\u00f6t aiheuttavat valitettavasti tilap\u00e4ist\u00e4 haittaa liikenteelle ja liikkumiselle alueella.<\/strong><\/p>\n\n\n\n<p>Tiest\u00f6n kapeuden vuoksi olemme urakoitsijan kanssa alustavasti sopineet, ett\u00e4 mik\u00e4li tie (Kalaj\u00e4rventie tai J\u00e4rvit\u00f6rm\u00e4) joudutaan sulkemaan kokonaan, tapahtuu se klo 12:00\u201314:00 v\u00e4lisen\u00e4 aikana. N\u00e4in pyrimme minimoimaan h\u00e4iri\u00f6t ty\u00f6matkaliikenteelle ja muulle kulkemiselle.<\/p>\n\n\n\n<figure class=\"wp-block-image size-large\"><img loading=\"lazy\" decoding=\"async\" width=\"1024\" height=\"768\" src=\"https:\/\/espoonkalajarvi.fi\/wp-content\/uploads\/2025\/03\/Vesilinja-1-1024x768.jpg\" alt=\"\" class=\"wp-image-391\" srcset=\"https:\/\/espoonkalajarvi.fi\/wp-content\/uploads\/2025\/03\/Vesilinja-1-1024x768.jpg 1024w, https:\/\/espoonkalajarvi.fi\/wp-content\/uploads\/2025\/03\/Vesilinja-1-300x225.jpg 300w, https:\/\/espoonkalajarvi.fi\/wp-content\/uploads\/2025\/03\/Vesilinja-1-768x576.jpg 768w, https:\/\/espoonkalajarvi.fi\/wp-content\/uploads\/2025\/03\/Vesilinja-1-1536x1152.jpg 1536w, https:\/\/espoonkalajarvi.fi\/wp-content\/uploads\/2025\/03\/Vesilinja-1-2048x1536.jpg 2048w\" sizes=\"auto, (max-width: 1024px) 100vw, 1024px\" \/><\/figure>\n","protected":false},"excerpt":{"rendered":"<p>Kalaj\u00e4rventien vesiosuuskunta ja Caruna aloittavat yhteishankkeen rakentamisty\u00f6t viikolla 13. Rakentamisty\u00f6t alkavat Kalaj\u00e4rventie 17 kohdalta.&nbsp; Hankkeen yhteydess\u00e4 alueelle rakennetaan vesijohto, viem\u00e4ri, s\u00e4hk\u00f6kaapelointi sek\u00e4 valokuituverkko. Urakoitsijana toimii Mc Machine Oy. Rakennusty\u00f6t aiheuttavat valitettavasti tilap\u00e4ist\u00e4 haittaa liikenteelle ja liikkumiselle alueella. Tiest\u00f6n kapeuden vuoksi olemme urakoitsijan kanssa alustavasti sopineet, ett\u00e4 mik\u00e4li tie (Kalaj\u00e4rventie tai J\u00e4rvit\u00f6rm\u00e4) joudutaan sulkemaan kokonaan, tapahtuu [&hellip;]<\/p>\n","protected":false},"author":1,"featured_media":0,"comment_status":"open","ping_status":"open","sticky":false,"template":"","format":"standard","meta":{"footnotes":""},"categories":[23],"tags":[],"class_list":["post-390","post","type-post","status-publish","format-standard","hentry","category-vesiosuuskunta"],"_links":{"self":[{"href":"https:\/\/espoonkalajarvi.fi\/index.php\/wp-json\/wp\/v2\/posts\/390","targetHints":{"allow":["GET"]}}],"collection":[{"href":"https:\/\/espoonkalajarvi.fi\/index.php\/wp-json\/wp\/v2\/posts"}],"about":[{"href":"https:\/\/espoonkalajarvi.fi\/index.php\/wp-json\/wp\/v2\/types\/post"}],"author":[{"embeddable":true,"href":"https:\/\/espoonkalajarvi.fi\/index.php\/wp-json\/wp\/v2\/users\/1"}],"replies":[{"embeddable":true,"href":"https:\/\/espoonkalajarvi.fi\/index.php\/wp-json\/wp\/v2\/comments?post=390"}],"version-history":[{"count":1,"href":"https:\/\/espoonkalajarvi.fi\/index.php\/wp-json\/wp\/v2\/posts\/390\/revisions"}],"predecessor-version":[{"id":392,"href":"https:\/\/espoonkalajarvi.fi\/index.php\/wp-json\/wp\/v2\/posts\/390\/revisions\/392"}],"wp:attachment":[{"href":"https:\/\/espoonkalajarvi.fi\/index.php\/wp-json\/wp\/v2\/media?parent=390"}],"wp:term":[{"taxonomy":"category","embeddable":true,"href":"https:\/\/espoonkalajarvi.fi\/index.php\/wp-json\/wp\/v2\/categories?post=390"},{"taxonomy":"post_tag","embeddable":true,"href":"https:\/\/espoonkalajarvi.fi\/index.php\/wp-json\/wp\/v2\/tags?post=390"}],"curies":[{"name":"wp","href":"https:\/\/api.w.org\/{rel}","templated":true}]}}