{"id":417,"date":"2025-09-06T18:32:34","date_gmt":"2025-09-06T18:32:34","guid":{"rendered":"https:\/\/espoonkalajarvi.fi\/?p=417"},"modified":"2025-09-06T18:32:34","modified_gmt":"2025-09-06T18:32:34","slug":"kalajarventiella-siirryttiin-viimein-maasahkoon","status":"publish","type":"post","link":"https:\/\/espoonkalajarvi.fi\/index.php\/2025\/09\/06\/kalajarventiella-siirryttiin-viimein-maasahkoon\/","title":{"rendered":"Kalaj\u00e4rventiell\u00e4 siirryttiin viimein maas\u00e4hk\u00f6\u00f6n"},"content":{"rendered":"\n<p>Caruna on vihdoin viimeistelem\u00e4ss\u00e4 viimeistenkin talojen liitt\u00e4misen maakaapelointiin Kalaj\u00e4rventien ja J\u00e4rvit\u00f6rm\u00e4n haja-asustusalueella. Koko 20kV linja, joka nousi maston m\u00e4en kautta muuntamolle on nyt kelattu pois ja tolpat kuljetetaan maastosta kierr\u00e4tykseen. My\u00f6s talokohtaiset liittym\u00e4t on talo talolta saatu  tehty\u00e4 ja suurin osa kaivannoista on jo tasattu loppukuntoon.<\/p>\n\n\n\n<p>Toivottavasti n\u00e4ill\u00e4 toimilla v\u00e4ltymme tulevina vuosina harmittavilta s\u00e4hk\u00f6katkoksilta, joskin olihan se aina silloin t\u00e4ll\u00f6in j\u00e4nn\u00e4\u00e4n n\u00e4hd\u00e4 s\u00e4hk\u00f6nsinisen valokaaren valaisema talvinen iltataivas kun lumikuorman taivuttamat puut saavat langoilla aikaan oikosulun.<\/p>\n\n\n\n<p><\/p>\n\n\n\n<figure class=\"wp-block-image size-large is-resized\"><img loading=\"lazy\" decoding=\"async\" width=\"768\" height=\"1024\" src=\"https:\/\/espoonkalajarvi.fi\/wp-content\/uploads\/2025\/09\/IMG_6092-768x1024.jpg\" alt=\"\" class=\"wp-image-418\" style=\"width:684px;height:auto\" srcset=\"https:\/\/espoonkalajarvi.fi\/wp-content\/uploads\/2025\/09\/IMG_6092-768x1024.jpg 768w, https:\/\/espoonkalajarvi.fi\/wp-content\/uploads\/2025\/09\/IMG_6092-225x300.jpg 225w, https:\/\/espoonkalajarvi.fi\/wp-content\/uploads\/2025\/09\/IMG_6092-1152x1536.jpg 1152w, https:\/\/espoonkalajarvi.fi\/wp-content\/uploads\/2025\/09\/IMG_6092-1536x2048.jpg 1536w, https:\/\/espoonkalajarvi.fi\/wp-content\/uploads\/2025\/09\/IMG_6092-scaled.jpg 1920w\" sizes=\"auto, (max-width: 768px) 100vw, 768px\" \/><figcaption class=\"wp-element-caption\">S\u00e4hk\u00f6 siirtyy alas tolpasta maakaapeliin<\/figcaption><\/figure>\n\n\n\n<figure class=\"wp-block-image size-large is-resized\"><img loading=\"lazy\" decoding=\"async\" width=\"768\" height=\"1024\" src=\"https:\/\/espoonkalajarvi.fi\/wp-content\/uploads\/2025\/09\/IMG_6178-2-768x1024.jpg\" alt=\"\" class=\"wp-image-419\" style=\"width:684px;height:auto\" srcset=\"https:\/\/espoonkalajarvi.fi\/wp-content\/uploads\/2025\/09\/IMG_6178-2-768x1024.jpg 768w, https:\/\/espoonkalajarvi.fi\/wp-content\/uploads\/2025\/09\/IMG_6178-2-225x300.jpg 225w, https:\/\/espoonkalajarvi.fi\/wp-content\/uploads\/2025\/09\/IMG_6178-2-1152x1536.jpg 1152w, https:\/\/espoonkalajarvi.fi\/wp-content\/uploads\/2025\/09\/IMG_6178-2-1536x2048.jpg 1536w, https:\/\/espoonkalajarvi.fi\/wp-content\/uploads\/2025\/09\/IMG_6178-2-scaled.jpg 1920w\" sizes=\"auto, (max-width: 768px) 100vw, 768px\" \/><figcaption class=\"wp-element-caption\">20kV siirtolinja puretaan pois<\/figcaption><\/figure>\n\n\n\n<p><\/p>\n","protected":false},"excerpt":{"rendered":"<p>Caruna on vihdoin viimeistelem\u00e4ss\u00e4 viimeistenkin talojen liitt\u00e4misen maakaapelointiin Kalaj\u00e4rventien ja J\u00e4rvit\u00f6rm\u00e4n haja-asustusalueella. Koko 20kV linja, joka nousi maston m\u00e4en kautta muuntamolle on nyt kelattu pois ja tolpat kuljetetaan maastosta kierr\u00e4tykseen. My\u00f6s talokohtaiset liittym\u00e4t on talo talolta saatu tehty\u00e4 ja suurin osa kaivannoista on jo tasattu loppukuntoon. Toivottavasti n\u00e4ill\u00e4 toimilla v\u00e4ltymme tulevina vuosina harmittavilta s\u00e4hk\u00f6katkoksilta, joskin [&hellip;]<\/p>\n","protected":false},"author":1,"featured_media":418,"comment_status":"open","ping_status":"open","sticky":false,"template":"","format":"standard","meta":{"footnotes":""},"categories":[1],"tags":[],"class_list":["post-417","post","type-post","status-publish","format-standard","has-post-thumbnail","hentry","category-kalajarvi"],"_links":{"self":[{"href":"https:\/\/espoonkalajarvi.fi\/index.php\/wp-json\/wp\/v2\/posts\/417","targetHints":{"allow":["GET"]}}],"collection":[{"href":"https:\/\/espoonkalajarvi.fi\/index.php\/wp-json\/wp\/v2\/posts"}],"about":[{"href":"https:\/\/espoonkalajarvi.fi\/index.php\/wp-json\/wp\/v2\/types\/post"}],"author":[{"embeddable":true,"href":"https:\/\/espoonkalajarvi.fi\/index.php\/wp-json\/wp\/v2\/users\/1"}],"replies":[{"embeddable":true,"href":"https:\/\/espoonkalajarvi.fi\/index.php\/wp-json\/wp\/v2\/comments?post=417"}],"version-history":[{"count":1,"href":"https:\/\/espoonkalajarvi.fi\/index.php\/wp-json\/wp\/v2\/posts\/417\/revisions"}],"predecessor-version":[{"id":420,"href":"https:\/\/espoonkalajarvi.fi\/index.php\/wp-json\/wp\/v2\/posts\/417\/revisions\/420"}],"wp:featuredmedia":[{"embeddable":true,"href":"https:\/\/espoonkalajarvi.fi\/index.php\/wp-json\/wp\/v2\/media\/418"}],"wp:attachment":[{"href":"https:\/\/espoonkalajarvi.fi\/index.php\/wp-json\/wp\/v2\/media?parent=417"}],"wp:term":[{"taxonomy":"category","embeddable":true,"href":"https:\/\/espoonkalajarvi.fi\/index.php\/wp-json\/wp\/v2\/categories?post=417"},{"taxonomy":"post_tag","embeddable":true,"href":"https:\/\/espoonkalajarvi.fi\/index.php\/wp-json\/wp\/v2\/tags?post=417"}],"curies":[{"name":"wp","href":"https:\/\/api.w.org\/{rel}","templated":true}]}}